[{"@context":"https:\/\/schema.org\/","@type":"Article","@id":"https:\/\/www.kchk.sk\/moda-a-styl-milujem-ju-mam-ju-rada\/#Article","mainEntityOfPage":"https:\/\/www.kchk.sk\/moda-a-styl-milujem-ju-mam-ju-rada\/","headline":"M\u00f3da a \u0161t\u00fdl milujem ju m\u00e1m ju rada","name":"M\u00f3da a \u0161t\u00fdl milujem ju m\u00e1m ju rada","description":"Dobr\u00fd de\u0148 priatelia mala som in\u00fa pr\u00e1cu a\u017e teraz som sa sem dostala ale probl\u00e9m bol aj \u010do sa t\u00fdka internetu stra\u0161ne pomal\u00fd ide dnes alebo ja m\u00e1m preplnen\u00fdch pc neviem ale vo\u013ea\u010do des. Od r\u00e1na hrom\u017e\u00edm nad\u00e1vam ke\u010f je...<span class=\"read-more\"><a href=\"https:\/\/www.kchk.sk\/moda-a-styl-milujem-ju-mam-ju-rada\/\">Continue Reading &rarr;<\/a><\/span>","datePublished":"2023-10-04","dateModified":"2024-02-21","author":{"@type":"Person","@id":"https:\/\/www.kchk.sk\/author\/#Person","name":"","url":"https:\/\/www.kchk.sk\/author\/","identifier":1,"image":{"@type":"ImageObject","@id":"https:\/\/secure.gravatar.com\/avatar\/ee69a086fc043006d66000ff5e288b6b088fc8fa323128f3849437410a854832?s=96&d=mm&r=g","url":"https:\/\/secure.gravatar.com\/avatar\/ee69a086fc043006d66000ff5e288b6b088fc8fa323128f3849437410a854832?s=96&d=mm&r=g","height":96,"width":96}},"publisher":{"@type":"Organization","name":"kchk.sk","logo":{"@type":"ImageObject","@id":"\/logo.png","url":"\/logo.png","width":600,"height":60}},"image":{"@type":"ImageObject","@id":"https:\/\/www.kchk.sk\/wp-content\/uploads\/download_10_10_10_10_10_10_10_10_10_10_10_10_10_10_10_10_10_10_10_10_10_10_10_10_10_10_10_10_10_10_10_10_10_10_10_10_10_10_10_10_10_10_10_10_7.jpg","url":"https:\/\/www.kchk.sk\/wp-content\/uploads\/download_10_10_10_10_10_10_10_10_10_10_10_10_10_10_10_10_10_10_10_10_10_10_10_10_10_10_10_10_10_10_10_10_10_10_10_10_10_10_10_10_10_10_10_10_7.jpg","height":0,"width":0},"url":"https:\/\/www.kchk.sk\/moda-a-styl-milujem-ju-mam-ju-rada\/","about":["M\u00f3da"],"wordCount":586,"articleBody":"Dobr\u00fd de\u0148 priatelia mala som in\u00fa pr\u00e1cu a\u017e teraz som sa sem dostala ale probl\u00e9m bol aj \u010do sa t\u00fdka internetu stra\u0161ne pomal\u00fd ide dnes alebo ja m\u00e1m preplnen\u00fdch pc neviem ale vo\u013ea\u010do des. Od r\u00e1na hrom\u017e\u00edm nad\u00e1vam ke\u010f je nejak\u00fd probl\u00e9m \u010do sa t\u00fdka pc nem\u00f4\u017eem norm\u00e1lne pracova\u0165 ide o to som tu nar\u00fdchlo lebo o 15 hodine m\u00e1m dou\u010dovanie Slovensk\u00fd jazyk. Tak len nie\u010do v r\u00fdchlosti od r\u00e1na zhon dvakr\u00e1t kuri\u00e9r potom internet ako naschv\u00e1l mama si vymysl\u00ed \u017ee robi\u0165 dom\u00e1ci GRANADIRSKY POCHOD no u\u017e aj let\u00edm robi\u0165 dom\u00e1ce cesto t\u00e1 v\u00f4bec neberie do \u00favahy \u017ee m\u00e1m robotu niekedy star\u00fd \u013eudia im je jedno no \u010do u\u017e. Ale po\u010fme k veci tento rok ide do m\u00f3dy farba t\u00e1ka staro ru\u017eov\u00e1 respekt\u00edve ru\u017eov\u00e9 odtiene farieb ja m\u00e1m rada v\u0161etky farby ke\u010f sa \u010dlovek m\u00f4\u017ee vybl\u00e1zni\u0165 dos\u00fdta ja by som dok\u00e1zala prezlieka\u0165 ka\u017ed\u00fa chv\u00ed\u013eu maxim\u00e1lne hodinu bavila by tak\u00e1 pr\u00e1ca z m\u00f3dou alebo u\u017e na druhej strane v drog\u00e9rii pracova\u0165 alebo ako kozmeti\u010dka, viz\u00e1\u017eista rob\u00edm to moment\u00e1lne pr\u00edle\u017eitostn\u00e9 na objedn\u00e1vku cenn\u00edk m\u00e1m pod\u013ea \u00fakonov. V mojom \u0161atn\u00edku to vyzer\u00e1 ako v obchode kde sa pred\u00e1va oble\u010denie ja som dos\u0165 n\u00e1ro\u010dn\u00e1 \u010do sa m\u0148a t\u00fdka ale nem\u00e1m tak\u00fd z\u00e1robok ako na\u0161e aj svetov\u00e9 celebrity v tom je rozdiel ja nenakupujem luxusne zna\u010dky ja si k\u00fapim \u010do sa mi p\u00e1\u010di v akci\u00ed alebo aj takzvanom SECOND HAND tam ve\u013eakr\u00e1t natraf\u00edte na veci oble\u010denie k\u00fasky kde inde nek\u00fapite viem \u0161etri\u0165 t\u00fdmto sp\u00f4sobom a ma\u0165 pekn\u00e9 veci za rozumn\u00fa cenu ja aj keby \u017ee m\u00e1m ve\u013ea pe\u0148az\u00ed kupujem takto vo\u013eakedy mi star\u00fd rodi\u010dia aj mamina kupovali aj zna\u010dkov\u00e9 oble\u010denie v LUXE to bol vo\u013eakedy obchodn\u00fd dom alebo v MAKITA m\u00e1m prav\u00fa ko\u017een\u00fa bundu aj mamina vo\u013eakedy sme mali aj prav\u00e9 ko\u017euchy zajaca ale je to pekn\u00e9 ale pekn\u00e9 s\u00fa aj tie umel\u00e9 ko\u017eu\u0161iny ja som tak\u00fd umel\u00fd objednala k Vianociam teraz v sivej farme tak\u00fd bledosiv\u00fd vyzer\u00e1 ako prav\u00fd.Ako som v\u010dera ve\u010der na\u0161la video \u017ee na\u010do sa n\u00e1hlime za mamonou za hromad\u00edme veci ve\u010f kto bude o n\u00e1s vedie\u0165 o 50 alebo 100 rokov na\u0161i predkovia ani ch\u00fdru ani slychu neostane po n\u00e1s ani nebud\u00fa vedie\u0165 \u017ee sme \u017eili ja to neuzn\u00e1vam mamonu zbyto\u010dn\u00e9 je to chor\u00e9 je to . Teraz medzi sviatky vykradli RYTMUSA v\u010dera d\u00e1vali v spr\u00e1vach nie som svi\u0148a ale ke\u010f je niekto hl\u00fapy \u017ee si nezapne alarm nech sa potom ne\u010duduje za 80000 mu zobrali veci zlodej no pre neho je to len mal\u00e1 \u010diastka pe\u0148az\u00ed ja ma\u0165 to\u013eko pe\u0148az\u00ed nahraban\u00fdch tak som HAPPY za vodou. Ony chodia ove\u0161an\u00fd ako v cirkuse neviem na\u010do mu je to tie hrozn\u00e9 re\u0165aze \u0165a\u017ek\u00e9 si mysl\u00ed Rytmus \u017ee \u010do kr\u00e1\u013e smiech oby\u010dajn\u00fd \u010dlovek \u017ee je ako \u017ee spev\u00e1k REP daj\u00fa sa niektor\u00e9 piesne po\u010d\u00fava\u0165 ale m\u00f4j \u0161t\u00fdl to nie je m\u00e1m rada POP\u00a0\u00a0MUSIC , m\u00f3du moje prav\u00e9 orechov\u00e9.                                                                                                                                                                                                                                                                                                                                                                                                "},{"@context":"https:\/\/schema.org\/","@type":"BreadcrumbList","itemListElement":[{"@type":"ListItem","position":1,"name":"M\u00f3da a \u0161t\u00fdl milujem ju m\u00e1m ju rada","item":"https:\/\/www.kchk.sk\/moda-a-styl-milujem-ju-mam-ju-rada\/#breadcrumbitem"}]}]