[{"@context":"https:\/\/schema.org\/","@type":"Article","@id":"https:\/\/www.kchk.sk\/deti-ako-bude-co-sa-vas-tyka-psycholog-radi\/#Article","mainEntityOfPage":"https:\/\/www.kchk.sk\/deti-ako-bude-co-sa-vas-tyka-psycholog-radi\/","headline":"Deti ako bude \u010do sa v\u00e1s t\u00fdka PSYCHOLOG rad\u00ed","name":"Deti ako bude \u010do sa v\u00e1s t\u00fdka PSYCHOLOG rad\u00ed","description":"U\u017e tu zase m\u00e1me piatok pred v\u00edkendom bola som vonku zanies\u0165 katal\u00f3gy AVON , ORIFLAME Viano\u010dn\u00e9 \u013eudom ktor\u00fdm nosievam. Na\u0161e deti maj\u00fa od 20.12. zimn\u00e9 Viano\u010dn\u00e9 pr\u00e1zdniny len to je na figu \u017ee na\u0161e Z\u00e1padne Slovensko nem\u00e1 sneh sk\u00f4r je...<span class=\"read-more\"><a href=\"https:\/\/www.kchk.sk\/deti-ako-bude-co-sa-vas-tyka-psycholog-radi\/\">Continue Reading &rarr;<\/a><\/span>","datePublished":"2023-09-12","dateModified":"2024-02-21","author":{"@type":"Person","@id":"https:\/\/www.kchk.sk\/author\/#Person","name":"","url":"https:\/\/www.kchk.sk\/author\/","identifier":1,"image":{"@type":"ImageObject","@id":"https:\/\/secure.gravatar.com\/avatar\/ee69a086fc043006d66000ff5e288b6b088fc8fa323128f3849437410a854832?s=96&d=mm&r=g","url":"https:\/\/secure.gravatar.com\/avatar\/ee69a086fc043006d66000ff5e288b6b088fc8fa323128f3849437410a854832?s=96&d=mm&r=g","height":96,"width":96}},"publisher":{"@type":"Organization","name":"kchk.sk","logo":{"@type":"ImageObject","@id":"\/logo.png","url":"\/logo.png","width":600,"height":60}},"image":{"@type":"ImageObject","@id":"https:\/\/www.kchk.sk\/wp-content\/uploads\/download_10_10_10_10_10_10_10_10_10_10_10_10_10_10_10_10_10_10_10_10_10_10_10_10_10_10_10_10_10_10.jpg","url":"https:\/\/www.kchk.sk\/wp-content\/uploads\/download_10_10_10_10_10_10_10_10_10_10_10_10_10_10_10_10_10_10_10_10_10_10_10_10_10_10_10_10_10_10.jpg","height":0,"width":0},"url":"https:\/\/www.kchk.sk\/deti-ako-bude-co-sa-vas-tyka-psycholog-radi\/","about":["Deti"],"wordCount":624,"articleBody":"U\u017e tu zase m\u00e1me piatok pred v\u00edkendom bola som vonku zanies\u0165 katal\u00f3gy AVON , ORIFLAME Viano\u010dn\u00e9 \u013eudom ktor\u00fdm nosievam. Na\u0161e deti maj\u00fa od 20.12. zimn\u00e9 Viano\u010dn\u00e9 pr\u00e1zdniny len to je na figu \u017ee na\u0161e Z\u00e1padne Slovensko nem\u00e1 sneh sk\u00f4r je ako na jar. Zase deti bud\u00fa leniv\u00e9 ale samopa\u0161n\u00e9 drz\u00e9 hovoria k tomu samostatn\u00e9 nie nie v\u00fdchova v prvom rade nemaj\u00fa v\u00fdchovu. Aj tu na na\u0161om s\u00eddlisku s\u00fa deti no \u010do dokazuj\u00fa otras behaj\u00fa ako spla\u0161en\u00e1 zver vyplazuj\u00fa \u013eudom jazyk ukazuj\u00fa \u017ee \u013eudom \u0161ibe no des v\u00fdchova no ne\u010dudo ak\u00fd rodi\u010dia tak\u00e9 deti. Ja by\u0165 ich rodi\u010d to by bolo ani von by som ich nepustila . Ja by som ich nau\u010dila po kostole hv\u00edzda\u0165 ne\u010dudo \u017ee preplnen\u00e9 Psychiatrie pre deti kde to m\u00e1 rodi\u010dov. ka\u017ed\u00fd rok st\u00fapa po\u010det chor\u00fdch deti nie som psychologi\u010dka ale vid\u00edm ako to je tie deck\u00e1 s\u00fa \u010do raz psychicky labiln\u00e9 to ke\u010f pozrieme na tie ich tv\u00e1re to ako dospel\u00ed \u013eudia nie deti. Hrozne ako vyzer\u00e1 staro ml\u00e1de\u017e. Ke\u010f bud\u00fa ma\u0165 tak okolo 20 rokov bud\u00fa vyzera\u0165 ako div nie 40 a\u017e 50 ro\u010dn\u00fd. My ke\u010f sme boli deti aj moji rodi\u010dia a star\u00fd rodi\u010dia nikto nevyzeral tak hrozne dospelo a staro m\u00e1lo kto \u010do sa t\u00fdka deti je dnes pekn\u00fd a vyzer\u00e1 na svoj vek hrozn\u00e1 doba \u010do porobila z \u013eud\u00ed chor\u00fdch starcov s\u00fa deti a vyzeraj\u00fa ako starci a nehovor\u00edm o ml\u00e1de\u017ei ko\u013ek\u00fd vyzeraj\u00fa ako d\u00f4chodcovia hrozn\u00e9 ako vyzer\u00e1me ak\u00e1 je toto zl\u00e1 doba . V\u0161etci chorej\u00fa uk\u00e1\u017ete mi zdrav\u00e9ho \u010dloveka. Ve\u013emi ve\u013ea \u013eud\u00ed trp\u00ed r\u00f4znymi poruchami \u010di ide o psychick\u00e9 ako depresie aj u det\u00ed sa vyskytuje \u010do vo\u013eakedy nebolo ani po\u010du\u0165 hrozn\u00e9 my \u013eudia sme tot\u00e1lne zdegenerovan\u00fd unaven\u00fd ako keby sa medzi \u013eudia stratila energia ako spomalen\u00fd film nikomu sa ni\u010d nechce nikto nevl\u00e1dze robi\u0165. Kone\u010dne pri\u0161li na kore\u0148 veci \u017ee PSYCHOLOG by mal by\u0165 v ka\u017edej \u0161kole \u010di triede nu\u017e h\u00e1\u010dik je v tom \u017ee e\u0161te viac bud\u00fa tie deti \u0161ibnut\u00e9 dostan\u00fa lieky to je ako koloto\u010d \u010di im to po ur\u010ditom \u010dase prejde no po rokoch sa to zvy\u010dajne vracia no des predstava no to v\u0161etko rob\u00ed doba \u017ee ve\u013ea \u013eud\u00ed kr\u00e1\u010da \u00fapadok na sam\u00e9 dno. Aj ve\u013ea zn\u00e1mych osobnost\u00ed sa lie\u010di a ich deti len to ned\u00e1vaj\u00fa na oko aby druh\u00fd o tom vedel a po \u010dase to vypl\u00e1va na vrch. Neviem ako vy ja by som niekedy najrad\u0161ej vr\u00e1tila t\u00fa dobu \u010do bola pret\u00fdm o mnoho lep\u0161ie sa \u017eilo mysl\u00edm tak \u017ee nebolo to\u013eko stresu nikto sa tak nehnal za ni\u010d\u00edm teraz mi to pripad\u00e1 ako keby sme sa hnali a hnali nu\u017e nevieme pre\u010do a za\u010do a kam v\u00f4bec sa mi t\u00e1to doba nep\u00e1\u010di chor\u00e1 depres\u00edvna ba dokonca by som asi niekedy bola asi najrad\u0161ej die\u0165a nu\u017e sa to ned\u00e1 \u010do sa \u010dudujem \u017ee EX kamar\u00e1tka chce ma\u0165 silou mocou die\u0165a asi mysl\u00ed blb\u00e1 \u017ee m\u00e1 25 rokov no nie bude v roku 2024 u\u017e 45 rokov a v ich rode s\u00fa chor\u00fd r\u00f4zne jedinci ja by som sa b\u00e1la nu\u017e ona je primit\u00edvna v tom a e\u0161te m\u00e1 o\u017erana na krku a som\u00e1ra lenivca ktor\u00fd nerob\u00ed ani nikdy nebude ona mysl\u00ed \u017ee ke\u010f na hotely ve\u0161t\u00ed \u017ee asi bude zbohatne e\u0161te aby jej niekto neklepol po nose t\u00e1 je na tom nie dobre psychika.                                                                                                                                                                                                                                                                                                                                                                                                 "},{"@context":"https:\/\/schema.org\/","@type":"BreadcrumbList","itemListElement":[{"@type":"ListItem","position":1,"name":"Deti ako bude \u010do sa v\u00e1s t\u00fdka PSYCHOLOG rad\u00ed","item":"https:\/\/www.kchk.sk\/deti-ako-bude-co-sa-vas-tyka-psycholog-radi\/#breadcrumbitem"}]}]